{"id":12890,"date":"2015-05-24T17:44:15","date_gmt":"2015-05-24T16:44:15","guid":{"rendered":"https:\/\/www.frankexpres.com\/\/sil-2015\/"},"modified":"2016-12-28T12:13:26","modified_gmt":"2016-12-28T11:13:26","slug":"sil-2015","status":"publish","type":"post","link":"https:\/\/www.frankexpres.com\/ca\/sil-2015\/","title":{"rendered":"SIL 2015"},"content":{"rendered":"<p>Del 9 al 11 de juny se celebra el <strong>17\u00e8 Sal\u00f3 Internacional de la Log\u00edstica i de la Manutenci\u00f3<\/strong> al pavell\u00f3 8 del <strong>recinte Montju\u00efc-Pla\u00e7a Espanya de Fira de Barcelona<\/strong>. El <strong>SIL 2015<\/strong>, organitzat pel Consorci de la Zona Franca de Barcelona, \u200b\u200btornar\u00e0 a acollir el major Sal\u00f3 Internacional de Log\u00edstica d&#8217;Espanya i el Sud d&#8217;Europa i es marca com a objectiu continuar el cam\u00ed del creixement, superant les 550 empreses participants de la passada edici\u00f3.<\/p>\n<p>El Sal\u00f3 Internacional de la Log\u00edstica i de la Manutenci\u00f3 (SIL) \u00e9s el punt de trobada de tota l&#8217;activitat log\u00edstica al Sud d&#8217;Europa, la Mediterr\u00e0nia i Iberoam\u00e8rica que reuneix tots els professionals del sector log\u00edstic, sent el marc ideal per als negocis , el networking i el coneixement.<\/p>\n<p>Despr\u00e9s de setze edicions, el SIL s&#8217;ha convertit en el gran certamen firal internacional de la log\u00edstica i del transport a Espanya i l&#8217;Arc del Mediterrani i en el segon de tot Europa.<\/p>\n<p>El SIL 2014 va comptar amb la participaci\u00f3 d&#8217;un 45% d&#8217;empreses internacionals i un total de 550 empreses participants. En la seva \u00faltima edici\u00f3, els responsables de la log\u00edstica van poder gaudir d&#8217;un gran Sal\u00f3 vers\u00e0til: la qualitat dels esdeveniments dels expositors, el F\u00f2rum Mediterrani de Log\u00edstica i Transport i el major Congr\u00e9s Internacional del sector van consolidar al SIL en el calendari de fires internacionals com el primer Sal\u00f3 Log\u00edstic d&#8217;Espanya i el segon d&#8217;Europa.<\/p>\n<p>A\u00a0la <a href=\"http:\/\/www.silbcn.com\/\" target=\"_blank\">web oficial del SIL<\/a> podr\u00e0\u00a0trobar m\u00e9s informaci\u00f3 sobre aquest esdeveniment.<\/p>\n","protected":false},"excerpt":{"rendered":"<p>Del 9 al 11 de juny se celebra el 17\u00e8 Sal\u00f3 Internacional de la Log\u00edstica i de la Manutenci\u00f3 al pavell\u00f3 8 del recinte Montju\u00efc-Pla\u00e7a Espanya de Fira de Barcelona. El SIL 2015, organitzat pel Consorci de la Zona Franca de Barcelona, \u200b\u200btornar\u00e0 a acollir el major Sal\u00f3 Internacional de Log\u00edstica d&#8217;Espanya i el Sud &hellip;<\/p>\n","protected":false},"author":1,"featured_media":13204,"comment_status":"closed","ping_status":"open","sticky":false,"template":"","format":"standard","meta":{"_acf_changed":false,"footnotes":""},"categories":[48,117,118],"tags":[45,127,129,46,47,49,50,51,52,54,137,55],"class_list":["post-12890","post","type-post","status-publish","format-standard","has-post-thumbnail","hentry","category-logistica","category-logistica-ca","category-salons-ca","tag-certamen","tag-certamen-ca","tag-certamen-ca-ca-2","tag-forum-mediterraneo-de-logistica-y-transporte","tag-logistica","tag-manutencion","tag-negocios","tag-networking","tag-salon-internacional","tag-sil","tag-sil-2015-ca","tag-sil-2015"],"acf":[],"_links":{"self":[{"href":"https:\/\/www.frankexpres.com\/ca\/wp-json\/wp\/v2\/posts\/12890","targetHints":{"allow":["GET"]}}],"collection":[{"href":"https:\/\/www.frankexpres.com\/ca\/wp-json\/wp\/v2\/posts"}],"about":[{"href":"https:\/\/www.frankexpres.com\/ca\/wp-json\/wp\/v2\/types\/post"}],"author":[{"embeddable":true,"href":"https:\/\/www.frankexpres.com\/ca\/wp-json\/wp\/v2\/users\/1"}],"replies":[{"embeddable":true,"href":"https:\/\/www.frankexpres.com\/ca\/wp-json\/wp\/v2\/comments?post=12890"}],"version-history":[{"count":2,"href":"https:\/\/www.frankexpres.com\/ca\/wp-json\/wp\/v2\/posts\/12890\/revisions"}],"predecessor-version":[{"id":12894,"href":"https:\/\/www.frankexpres.com\/ca\/wp-json\/wp\/v2\/posts\/12890\/revisions\/12894"}],"wp:featuredmedia":[{"embeddable":true,"href":"https:\/\/www.frankexpres.com\/ca\/wp-json\/wp\/v2\/media\/13204"}],"wp:attachment":[{"href":"https:\/\/www.frankexpres.com\/ca\/wp-json\/wp\/v2\/media?parent=12890"}],"wp:term":[{"taxonomy":"category","embeddable":true,"href":"https:\/\/www.frankexpres.com\/ca\/wp-json\/wp\/v2\/categories?post=12890"},{"taxonomy":"post_tag","embeddable":true,"href":"https:\/\/www.frankexpres.com\/ca\/wp-json\/wp\/v2\/tags?post=12890"}],"curies":[{"name":"wp","href":"https:\/\/api.w.org\/{rel}","templated":true}]}}